{"id":86,"date":"2006-03-07T22:36:40","date_gmt":"2006-03-07T20:36:40","guid":{"rendered":"http:\/\/www.beanie.hu\/blog\/2006\/03\/07\/erkezik-a-tavasz\/"},"modified":"2006-03-07T22:36:40","modified_gmt":"2006-03-07T20:36:40","slug":"erkezik-a-tavasz","status":"publish","type":"post","link":"https:\/\/beanie.hu\/blog\/2006\/03\/erkezik-a-tavasz\/","title":{"rendered":"\u00c9rkezik a tavasz"},"content":{"rendered":"<p>A mai francia &#8222;\u00f3ra&#8221; a term\u00e9szetben zajlott. V\u00e9gigs\u00e9t\u00e1ltunk az Andr\u00e1ssy \u00faton, le\u00fclt\u00fcnk a de\u00e1k t\u00e9ri padokon, \u00e9lvezt\u00fck hogy szem\u00fcnkbe s\u00fct a nap \u00e9s hogy meleg\u00edt. Visszafele m\u00e1r kicsit h\u0171v\u00f6sebb volt, de ennyi is el\u00e9g volt ahhoz  \u00e9rezzem hogy j\u00f6n a tavasz. M\u00e9g ha csak egy kicsit is, de m\u00e1r nincs messze. B\u00e1r ha j\u00f3l hallottam akkor cs\u00fct\u00f6rt\u00f6kre minusz 8 fokot mondanak&#8230; lesz itt m\u00e9g hideg.<\/p>\n","protected":false},"excerpt":{"rendered":"<p>A mai francia &#8222;\u00f3ra&#8221; a term\u00e9szetben zajlott. V\u00e9gigs\u00e9t\u00e1ltunk az Andr\u00e1ssy \u00faton, le\u00fclt\u00fcnk a de\u00e1k t\u00e9ri padokon, \u00e9lvezt\u00fck hogy szem\u00fcnkbe s\u00fct a nap \u00e9s hogy meleg\u00edt. Visszafele m\u00e1r kicsit h\u0171v\u00f6sebb volt, de ennyi is el\u00e9g volt ahhoz \u00e9rezzem hogy j\u00f6n a &hellip; <a href=\"https:\/\/beanie.hu\/blog\/2006\/03\/erkezik-a-tavasz\/\">B\u0151vebben&#8230; <span class=\"meta-nav\">&rarr;<\/span><\/a><\/p>\n","protected":false},"author":2,"featured_media":0,"comment_status":"open","ping_status":"closed","sticky":false,"template":"","format":"standard","meta":{"footnotes":""},"categories":[2],"tags":[],"class_list":["post-86","post","type-post","status-publish","format-standard","hentry","category-blog"],"_links":{"self":[{"href":"https:\/\/beanie.hu\/blog\/wp-json\/wp\/v2\/posts\/86","targetHints":{"allow":["GET"]}}],"collection":[{"href":"https:\/\/beanie.hu\/blog\/wp-json\/wp\/v2\/posts"}],"about":[{"href":"https:\/\/beanie.hu\/blog\/wp-json\/wp\/v2\/types\/post"}],"author":[{"embeddable":true,"href":"https:\/\/beanie.hu\/blog\/wp-json\/wp\/v2\/users\/2"}],"replies":[{"embeddable":true,"href":"https:\/\/beanie.hu\/blog\/wp-json\/wp\/v2\/comments?post=86"}],"version-history":[{"count":0,"href":"https:\/\/beanie.hu\/blog\/wp-json\/wp\/v2\/posts\/86\/revisions"}],"wp:attachment":[{"href":"https:\/\/beanie.hu\/blog\/wp-json\/wp\/v2\/media?parent=86"}],"wp:term":[{"taxonomy":"category","embeddable":true,"href":"https:\/\/beanie.hu\/blog\/wp-json\/wp\/v2\/categories?post=86"},{"taxonomy":"post_tag","embeddable":true,"href":"https:\/\/beanie.hu\/blog\/wp-json\/wp\/v2\/tags?post=86"}],"curies":[{"name":"wp","href":"https:\/\/api.w.org\/{rel}","templated":true}]}}