{"id":47,"date":"2005-11-03T19:52:59","date_gmt":"2005-11-03T17:52:59","guid":{"rendered":"http:\/\/www.beanie.hu\/blog\/2005\/11\/03\/itt-meg-mindig-%c5%91sz-van\/"},"modified":"2005-11-03T19:53:50","modified_gmt":"2005-11-03T17:53:50","slug":"itt-meg-mindig-%c5%91sz-van","status":"publish","type":"post","link":"https:\/\/beanie.hu\/blog\/2005\/11\/itt-meg-mindig-%c5%91sz-van\/","title":{"rendered":"Itt m\u00e9g mindig \u0151sz van&#8230;"},"content":{"rendered":"<p>Na ma volt az els\u0151 olyan munkanap amikor nem k\u00edv\u00e1ntam a pokolba az eg\u00e9szet. Reggel kaptam egy feladatot, ami \u00e1llit\u00f3lag nagyon bonyolult \u00e9s biztos elleszek vele eg\u00e9sz d\u00e9lel\u0151tt. De sajnos f\u00e9l\u00f3ra alatt megcsin\u00e1ltam, igy megint szerkeszthettem a besz\u00e1mol\u00f3mat. Vagyis ink\u00e1bb a t\u00f6bbiek\u00e9b\u0151l \u00f6sszeoll\u00f3ztam. D\u00e9lben gondoltam hogy keresek a k\u00f6rny\u00e9ken valami szendvicsest. Tal\u00e1ltam is egy tipikus francia b\u00fcf\u00e9f\u00e9l\u00e9t. Bementem \u00e9s valami francia iz\u00e9t akartam enni, de el\u00e9g neh\u00e9z volt v\u00e1lasztani, mert a t\u00f6bbs\u00e9g\u00e9n volt hal, az\u00e9rt meg ugye annyira nem rajongok. V\u00e9g\u00fcl v\u00e1lasztottam valami sajttort\u00e1t, meg valami provanszi paradicsomos iz\u00e9t. Az el\u0151bbi azonnal a kuk\u00e1ban landolt, az ut\u00f3bbinak a fel\u00e9t megettem. Lehet hogy melegen j\u00f3 lett volna, de igy hidegen annyira nem izlett.  Am\u00fagy ki\u00fcltem a parkba, s\u00fct\u00f6tt a nap, kicsit f\u00fajt a sz\u00e9l \u00e9s ott megeb\u00e9deltem.  Nem volt rossz :))) D\u00e9lut\u00e1n megj\u00f6tt a nagyf\u0151n\u00f6k, \u00e9s megn\u00e9zte amit d\u00e9lel\u0151tt csin\u00e1ltam. Mondta hogy nem j\u00f3, mert oda nem vonalakat kellett volna tenni, hanem p\u00f6tty\u00f6ket&#8230; Azt hittem hozz\u00e1v\u00e1gom. Azt\u00e1n m\u00e9g n\u00e9ha odahivott hogy ezt hogy kell megcsin\u00e1lni meg azt&#8230;  De az\u00e9rt elvoltam, kaptam m\u00e1sf\u00e9le munk\u00e1t is, \u00e9s m\u00e1r egy kicsit kedvesebbek voltak. Panaszkodtam a f\u0151n\u00f6k\u00f6mnek hogy a franci\u00e1k el\u00e9gg\u00e9 bar\u00e1ts\u00e1gtalanok, ez\u00e9rt ink\u00e1bb a k\u00fclf\u00f6ldiekkel bar\u00e1tkozunk \u00e9s mondta hogy na majd bemutatja a l\u00e1ny\u00e1t, \u00e9s majd r\u00e1j\u00f6v\u00f6k hogy kedvesek a franci\u00e1k. 4kor meg hazazavart, hogy akkor m\u00e1ra ennyi. \u00c9n meg mondtam, hogy de nem vagyok k\u00e9sz, erre mondta, hogy \u00e9s?? Majd legk\u00f6zelebb befejezem. H\u00e1t nem egy magyar mentalit\u00e1s, az biztos.<\/p>\n","protected":false},"excerpt":{"rendered":"<p>Na ma volt az els\u0151 olyan munkanap amikor nem k\u00edv\u00e1ntam a pokolba az eg\u00e9szet. Reggel kaptam egy feladatot, ami \u00e1llit\u00f3lag nagyon bonyolult \u00e9s biztos elleszek vele eg\u00e9sz d\u00e9lel\u0151tt. De sajnos f\u00e9l\u00f3ra alatt megcsin\u00e1ltam, igy megint szerkeszthettem a besz\u00e1mol\u00f3mat. Vagyis ink\u00e1bb &hellip; <a href=\"https:\/\/beanie.hu\/blog\/2005\/11\/itt-meg-mindig-%c5%91sz-van\/\">B\u0151vebben&#8230; <span class=\"meta-nav\">&rarr;<\/span><\/a><\/p>\n","protected":false},"author":2,"featured_media":0,"comment_status":"open","ping_status":"closed","sticky":false,"template":"","format":"standard","meta":{"footnotes":""},"categories":[2],"tags":[],"class_list":["post-47","post","type-post","status-publish","format-standard","hentry","category-blog"],"_links":{"self":[{"href":"https:\/\/beanie.hu\/blog\/wp-json\/wp\/v2\/posts\/47","targetHints":{"allow":["GET"]}}],"collection":[{"href":"https:\/\/beanie.hu\/blog\/wp-json\/wp\/v2\/posts"}],"about":[{"href":"https:\/\/beanie.hu\/blog\/wp-json\/wp\/v2\/types\/post"}],"author":[{"embeddable":true,"href":"https:\/\/beanie.hu\/blog\/wp-json\/wp\/v2\/users\/2"}],"replies":[{"embeddable":true,"href":"https:\/\/beanie.hu\/blog\/wp-json\/wp\/v2\/comments?post=47"}],"version-history":[{"count":0,"href":"https:\/\/beanie.hu\/blog\/wp-json\/wp\/v2\/posts\/47\/revisions"}],"wp:attachment":[{"href":"https:\/\/beanie.hu\/blog\/wp-json\/wp\/v2\/media?parent=47"}],"wp:term":[{"taxonomy":"category","embeddable":true,"href":"https:\/\/beanie.hu\/blog\/wp-json\/wp\/v2\/categories?post=47"},{"taxonomy":"post_tag","embeddable":true,"href":"https:\/\/beanie.hu\/blog\/wp-json\/wp\/v2\/tags?post=47"}],"curies":[{"name":"wp","href":"https:\/\/api.w.org\/{rel}","templated":true}]}}