{"id":45,"date":"2005-10-31T16:49:19","date_gmt":"2005-10-31T14:49:19","guid":{"rendered":"http:\/\/www.beanie.hu\/blog\/2005\/10\/31\/erkezes-londonba-pentek\/"},"modified":"2005-10-31T16:49:19","modified_gmt":"2005-10-31T14:49:19","slug":"erkezes-londonba-pentek","status":"publish","type":"post","link":"https:\/\/beanie.hu\/blog\/2005\/10\/erkezes-londonba-pentek\/","title":{"rendered":"\u00c9rkez\u00e9s Londonba &#8211; P\u00e9ntek"},"content":{"rendered":"<p>H\u00e1t ez nagyon j\u00f3, \u00fcl\u00fcnk a vonaton, m\u00e1r Angli\u00e1ban vagyunk, nemsok\u00e1ra meg\u00e9rkez\u00fcnk. Ugyanolyan v\u00e1mvizsg\u00e1lat meg minden ellen\u0151rz\u00e9s volt mintha valami rept\u00e9ren lenn\u00e9nk. A tranzitban megreggelizt\u00fcnk, b\u00e1r azt irt\u00e1k, hogy reggelit kapunk. Kb egy \u00f3r\u00e1ja j\u00f6tt\u00fcnk, amikor elkezdt\u00e9k kiosztani a reggelit. H\u00e1t nem semmi adagot kaptunk. \u00c9n a negyed\u00e9n\u00e9l j\u00f3l laktam, a t\u00f6bbi j\u00f3 lesz majd k\u00e9s\u0151bb. J\u00f3 magyarhoz hiven, a marad\u00e9kot elraktam. Fura, hogy ilyen gyorsan \u00e9s hangtalanul megy\u00fcnk. Az aut\u00f3p\u00e1lya mellett j\u00f6tt\u00fcnk egy darabig Franciaorsz\u00e1gban, \u00e9s csak \u00fagy suhantunk a t\u00f6bbi aut\u00f3 mellett, pedig \u0151k is legal\u00e1bb 130-al mentek.<br \/>\nNa m\u00e1r az\u00f3ta el\u00e9g sok id\u0151 eltelt hogy a vonaton elkezdtem irni a besz\u00e1mol\u00f3mat. Kb f\u00e9l \u00f3r\u00e1s k\u00e9s\u00e9ssel meg\u00e9rkezt\u00fcnk, leraktuk a csomagjainkat a meg\u0151rz\u0151be \u00e9s gondoltuk felfedezz\u00fck a v\u00e1rost. B\u00e1r az id\u0151 el\u00e9g fura volt, ez\u00e9rt lelkesen indultunk neki. Megn\u00e9zt\u00fck a London Eye (\u00f3ri\u00e1sker\u00e9k), de mivel biztunk a m\u00e1snapi j\u00f3id\u0151ben, igy ment\u00fcnk tov\u00e1bb&#8230; Parlement, Big Ben ut\u00e1n k\u00f6vetkezett a St James Park, ami tele van l\u00fcke \u00e1llatokkal. Hol egy kacsa megy oda kaj\u00e1t kunyizni hol vagy m\u00f3kus rohan \u00e1t el\u0151tted. Mi is vett\u00fcnk hotdogot \u00e9s f\u00e9l perc m\u00falva ott volt egy pof\u00e1tlan kacsa hogy adjak neki.  Megn\u00e9zt\u00fck m\u00e9g k\u00edv\u00fclr\u0151l a Buckingham Palot\u00e1t, majd visszafele a Trafalgar Square-t. Itt m\u00e1r nagyon f\u00e1jt a l\u00e1bam, \u00fagyhogy visszas\u00e9t\u00e1ltunk a p\u00e1lyaudvarra \u00e9s indultunk is Heg\u00e9\u00e9khez Staines-be ami kb f\u00e9l \u00f3r\u00e1s vonat\u00fat volt.<\/p>\n","protected":false},"excerpt":{"rendered":"<p>H\u00e1t ez nagyon j\u00f3, \u00fcl\u00fcnk a vonaton, m\u00e1r Angli\u00e1ban vagyunk, nemsok\u00e1ra meg\u00e9rkez\u00fcnk. Ugyanolyan v\u00e1mvizsg\u00e1lat meg minden ellen\u0151rz\u00e9s volt mintha valami rept\u00e9ren lenn\u00e9nk. A tranzitban megreggelizt\u00fcnk, b\u00e1r azt irt\u00e1k, hogy reggelit kapunk. Kb egy \u00f3r\u00e1ja j\u00f6tt\u00fcnk, amikor elkezdt\u00e9k kiosztani a reggelit. &hellip; <a href=\"https:\/\/beanie.hu\/blog\/2005\/10\/erkezes-londonba-pentek\/\">B\u0151vebben&#8230; <span class=\"meta-nav\">&rarr;<\/span><\/a><\/p>\n","protected":false},"author":2,"featured_media":0,"comment_status":"open","ping_status":"closed","sticky":false,"template":"","format":"standard","meta":{"footnotes":""},"categories":[2],"tags":[],"class_list":["post-45","post","type-post","status-publish","format-standard","hentry","category-blog"],"_links":{"self":[{"href":"https:\/\/beanie.hu\/blog\/wp-json\/wp\/v2\/posts\/45","targetHints":{"allow":["GET"]}}],"collection":[{"href":"https:\/\/beanie.hu\/blog\/wp-json\/wp\/v2\/posts"}],"about":[{"href":"https:\/\/beanie.hu\/blog\/wp-json\/wp\/v2\/types\/post"}],"author":[{"embeddable":true,"href":"https:\/\/beanie.hu\/blog\/wp-json\/wp\/v2\/users\/2"}],"replies":[{"embeddable":true,"href":"https:\/\/beanie.hu\/blog\/wp-json\/wp\/v2\/comments?post=45"}],"version-history":[{"count":0,"href":"https:\/\/beanie.hu\/blog\/wp-json\/wp\/v2\/posts\/45\/revisions"}],"wp:attachment":[{"href":"https:\/\/beanie.hu\/blog\/wp-json\/wp\/v2\/media?parent=45"}],"wp:term":[{"taxonomy":"category","embeddable":true,"href":"https:\/\/beanie.hu\/blog\/wp-json\/wp\/v2\/categories?post=45"},{"taxonomy":"post_tag","embeddable":true,"href":"https:\/\/beanie.hu\/blog\/wp-json\/wp\/v2\/tags?post=45"}],"curies":[{"name":"wp","href":"https:\/\/api.w.org\/{rel}","templated":true}]}}